{"id":919,"date":"2025-07-03T13:01:35","date_gmt":"2025-07-03T12:01:35","guid":{"rendered":"http:\/\/www.ingmar-hagemann.de\/wordpress\/?p=919"},"modified":"2025-07-03T13:01:35","modified_gmt":"2025-07-03T12:01:35","slug":"leger-diskursiv-gerahmte-praktiken-alltaeglicher-mobilitaet","status":"publish","type":"post","link":"http:\/\/www.ingmar-hagemann.de\/wordpress\/leger-diskursiv-gerahmte-praktiken-alltaeglicher-mobilitaet\/","title":{"rendered":"Leger, Diskursiv gerahmte Praktiken allt\u00e4glicher Mobilit\u00e4t"},"content":{"rendered":"\n<div class=\"wp-block-group is-layout-constrained wp-block-group-is-layout-constrained\">\n<h6 class=\"wp-block-heading\">Zentrale Argumentation \/ Zitate<\/h6>\n\n\n\n<p>tbd<\/p>\n\n\n\n<div style=\"height:51px\" aria-hidden=\"true\" class=\"wp-block-spacer\"><\/div>\n\n\n\n<h6 class=\"wp-block-heading\">Ausf\u00fchrliche Quellenangabe<\/h6>\n\n\n\n<pre class=\"wp-block-code\"><code>Leger, Matthias: Diskursiv gerahmte Praktiken allt\u00e4glicher Mobilit\u00e4t \u2013eine situationsanalytische Perspektive, in: Lukas Sattlegger, Larissa Deppisch, Markus Rudolfi (Hrsg.):Methoden umweltsoziologischer Forschung. Tagungsband der 15. Tagung der Nachwuchsgruppe Umweltsoziologie, Frankfurt a. M.: ISOE \u2013 Materialien Soziale \u00d6kologie, S. 102-117.<\/code><\/pre>\n\n\n\n<div style=\"height:51px\" aria-hidden=\"true\" class=\"wp-block-spacer\"><\/div>\n\n\n\n<h6 class=\"wp-block-heading\">Schlagw\u00f6rter<\/h6>\n\n\n<div class=\"taxonomy-post_tag wp-block-post-terms\"><a href=\"http:\/\/www.ingmar-hagemann.de\/wordpress\/tag\/clarke\/\" rel=\"tag\">Clarke<\/a><span class=\"wp-block-post-terms__separator\">, <\/span><a href=\"http:\/\/www.ingmar-hagemann.de\/wordpress\/tag\/mapping\/\" rel=\"tag\">Mapping<\/a><span class=\"wp-block-post-terms__separator\">, <\/span><a href=\"http:\/\/www.ingmar-hagemann.de\/wordpress\/tag\/mobilitaet\/\" rel=\"tag\">Mobilit\u00e4t<\/a><span class=\"wp-block-post-terms__separator\">, <\/span><a href=\"http:\/\/www.ingmar-hagemann.de\/wordpress\/tag\/qualitative-methoden\/\" rel=\"tag\">Qualitative Methoden<\/a><span class=\"wp-block-post-terms__separator\">, <\/span><a href=\"http:\/\/www.ingmar-hagemann.de\/wordpress\/tag\/situationsanalyse\/\" rel=\"tag\">Situationsanalyse<\/a><\/div>\n\n\n<div style=\"height:51px\" aria-hidden=\"true\" class=\"wp-block-spacer\"><\/div>\n\n\n\n<h6 class=\"wp-block-heading\">Einsortiert in folgende Lekt\u00fcrelisten<\/h6>\n\n\n<div class=\"taxonomy-category wp-block-post-terms\"><a href=\"http:\/\/www.ingmar-hagemann.de\/wordpress\/category\/diskursanalyse\/\" rel=\"tag\">Diskursanalyse<\/a><span class=\"wp-block-post-terms__separator\">, <\/span><a href=\"http:\/\/www.ingmar-hagemann.de\/wordpress\/category\/gruene-bewegung\/\" rel=\"tag\">Gr\u00fcne Bewegung<\/a><span class=\"wp-block-post-terms__separator\">, <\/span><a href=\"http:\/\/www.ingmar-hagemann.de\/wordpress\/category\/klimaschutzbewegung\/\" rel=\"tag\">Klimaschutz(bewegung)<\/a><span class=\"wp-block-post-terms__separator\">, <\/span><a href=\"http:\/\/www.ingmar-hagemann.de\/wordpress\/category\/praxeologie-praxistheorie\/\" rel=\"tag\">Praxeologie \/ Praxistheorie<\/a><span class=\"wp-block-post-terms__separator\">, <\/span><a href=\"http:\/\/www.ingmar-hagemann.de\/wordpress\/category\/qualitative-methoden\/\" rel=\"tag\">Qualitative Methoden<\/a><span class=\"wp-block-post-terms__separator\">, <\/span><a href=\"http:\/\/www.ingmar-hagemann.de\/wordpress\/category\/situationsanalyse\/\" rel=\"tag\">Situationsanalyse<\/a><\/div><\/div>\n","protected":false},"excerpt":{"rendered":"<p>Zentrale Argumentation \/ Zitate tbd Ausf\u00fchrliche Quellenangabe Schlagw\u00f6rter Einsortiert in folgende Lekt\u00fcrelisten<\/p>\n","protected":false},"author":1,"featured_media":0,"comment_status":"closed","ping_status":"","sticky":false,"template":"","format":"standard","meta":{"footnotes":""},"categories":[238,208,187,174,248,249],"tags":[253,255,254,256,252],"class_list":["post-919","post","type-post","status-publish","format-standard","hentry","category-diskursanalyse","category-gruene-bewegung","category-klimaschutzbewegung","category-praxeologie-praxistheorie","category-qualitative-methoden","category-situationsanalyse","tag-clarke","tag-mapping","tag-mobilitaet","tag-qualitative-methoden","tag-situationsanalyse"],"_links":{"self":[{"href":"http:\/\/www.ingmar-hagemann.de\/wordpress\/wp-json\/wp\/v2\/posts\/919","targetHints":{"allow":["GET"]}}],"collection":[{"href":"http:\/\/www.ingmar-hagemann.de\/wordpress\/wp-json\/wp\/v2\/posts"}],"about":[{"href":"http:\/\/www.ingmar-hagemann.de\/wordpress\/wp-json\/wp\/v2\/types\/post"}],"author":[{"embeddable":true,"href":"http:\/\/www.ingmar-hagemann.de\/wordpress\/wp-json\/wp\/v2\/users\/1"}],"replies":[{"embeddable":true,"href":"http:\/\/www.ingmar-hagemann.de\/wordpress\/wp-json\/wp\/v2\/comments?post=919"}],"version-history":[{"count":1,"href":"http:\/\/www.ingmar-hagemann.de\/wordpress\/wp-json\/wp\/v2\/posts\/919\/revisions"}],"predecessor-version":[{"id":920,"href":"http:\/\/www.ingmar-hagemann.de\/wordpress\/wp-json\/wp\/v2\/posts\/919\/revisions\/920"}],"wp:attachment":[{"href":"http:\/\/www.ingmar-hagemann.de\/wordpress\/wp-json\/wp\/v2\/media?parent=919"}],"wp:term":[{"taxonomy":"category","embeddable":true,"href":"http:\/\/www.ingmar-hagemann.de\/wordpress\/wp-json\/wp\/v2\/categories?post=919"},{"taxonomy":"post_tag","embeddable":true,"href":"http:\/\/www.ingmar-hagemann.de\/wordpress\/wp-json\/wp\/v2\/tags?post=919"}],"curies":[{"name":"wp","href":"https:\/\/api.w.org\/{rel}","templated":true}]}}