{"id":906,"date":"2024-12-16T16:14:31","date_gmt":"2024-12-16T15:14:31","guid":{"rendered":"http:\/\/www.ingmar-hagemann.de\/wordpress\/?p=906"},"modified":"2025-07-03T12:39:22","modified_gmt":"2025-07-03T11:39:22","slug":"reckwitz-verlust-wip","status":"publish","type":"post","link":"http:\/\/www.ingmar-hagemann.de\/wordpress\/reckwitz-verlust-wip\/","title":{"rendered":"Reckwitz, Verlust"},"content":{"rendered":"\n<div class=\"wp-block-group is-layout-constrained wp-block-group-is-layout-constrained\">\n<h6 class=\"wp-block-heading\">Zentrale Argumentation \/ Zitate<\/h6>\n\n\n\n<p>tbd<\/p>\n\n\n\n<div style=\"height:51px\" aria-hidden=\"true\" class=\"wp-block-spacer\"><\/div>\n\n\n\n<h6 class=\"wp-block-heading\">Ausf\u00fchrliche Quellenangabe<\/h6>\n\n\n\n<pre class=\"wp-block-code\"><code>Reckwitz, Andreas: Verlust. Ein Grundproblem der Moderne, Berlin: Suhrkamp Verlag 2024<\/code><\/pre>\n\n\n\n<div style=\"height:51px\" aria-hidden=\"true\" class=\"wp-block-spacer\"><\/div>\n\n\n\n<h6 class=\"wp-block-heading\">Schlagw\u00f6rter<\/h6>\n\n\n<div class=\"taxonomy-post_tag wp-block-post-terms\"><a href=\"http:\/\/www.ingmar-hagemann.de\/wordpress\/tag\/gesellschaftstheorie\/\" rel=\"tag\">Gesellschaftstheorie<\/a><span class=\"wp-block-post-terms__separator\">, <\/span><a href=\"http:\/\/www.ingmar-hagemann.de\/wordpress\/tag\/klimaschutz\/\" rel=\"tag\">Klimaschutz<\/a><span class=\"wp-block-post-terms__separator\">, <\/span><a href=\"http:\/\/www.ingmar-hagemann.de\/wordpress\/tag\/methoden-der-praxisztheorie\/\" rel=\"tag\">Methoden der Praxisztheorie<\/a><span class=\"wp-block-post-terms__separator\">, <\/span><a href=\"http:\/\/www.ingmar-hagemann.de\/wordpress\/tag\/praxistheorie\/\" rel=\"tag\">Praxistheorie<\/a><span class=\"wp-block-post-terms__separator\">, <\/span><a href=\"http:\/\/www.ingmar-hagemann.de\/wordpress\/tag\/reckwitz\/\" rel=\"tag\">Reckwitz<\/a><span class=\"wp-block-post-terms__separator\">, <\/span><a href=\"http:\/\/www.ingmar-hagemann.de\/wordpress\/tag\/soziale-bewegungen\/\" rel=\"tag\">soziale Bewegungen<\/a><span class=\"wp-block-post-terms__separator\">, <\/span><a href=\"http:\/\/www.ingmar-hagemann.de\/wordpress\/tag\/sozialtheorie\/\" rel=\"tag\">Sozialtheorie<\/a><span class=\"wp-block-post-terms__separator\">, <\/span><a href=\"http:\/\/www.ingmar-hagemann.de\/wordpress\/tag\/verlust\/\" rel=\"tag\">Verlust<\/a><span class=\"wp-block-post-terms__separator\">, <\/span><a href=\"http:\/\/www.ingmar-hagemann.de\/wordpress\/tag\/zukunftsverlust\/\" rel=\"tag\">Zukunftsverlust<\/a><\/div>\n\n\n<div style=\"height:51px\" aria-hidden=\"true\" class=\"wp-block-spacer\"><\/div>\n\n\n\n<h6 class=\"wp-block-heading\">Einsortiert in folgende Lekt\u00fcrelisten<\/h6>\n\n\n<div class=\"taxonomy-category wp-block-post-terms\"><a href=\"http:\/\/www.ingmar-hagemann.de\/wordpress\/category\/aktuelle-gesellschaftstheorie-gesellschaftsanalyse\/\" rel=\"tag\">Aktuelle Gesellschaftstheorie \/ Gesellschaftsanalyse<\/a><span class=\"wp-block-post-terms__separator\">, <\/span><a href=\"http:\/\/www.ingmar-hagemann.de\/wordpress\/category\/gruene-bewegung\/\" rel=\"tag\">Gr\u00fcne Bewegung<\/a><span class=\"wp-block-post-terms__separator\">, <\/span><a href=\"http:\/\/www.ingmar-hagemann.de\/wordpress\/category\/klimaschutzbewegung\/\" rel=\"tag\">Klimaschutz(bewegung)<\/a><span class=\"wp-block-post-terms__separator\">, <\/span><a href=\"http:\/\/www.ingmar-hagemann.de\/wordpress\/category\/praxeologie-praxistheorie\/\" rel=\"tag\">Praxeologie \/ Praxistheorie<\/a><span class=\"wp-block-post-terms__separator\">, <\/span><a href=\"http:\/\/www.ingmar-hagemann.de\/wordpress\/category\/soziale-transformation\/\" rel=\"tag\">Soziale Transformation<\/a><\/div><\/div>\n","protected":false},"excerpt":{"rendered":"<p>Zentrale Argumentation \/ Zitate tbd Ausf\u00fchrliche Quellenangabe Schlagw\u00f6rter Einsortiert in folgende Lekt\u00fcrelisten<\/p>\n","protected":false},"author":1,"featured_media":0,"comment_status":"closed","ping_status":"","sticky":false,"template":"","format":"standard","meta":{"footnotes":""},"categories":[180,208,187,174,201],"tags":[190,154,232,176,177,106,113,215,236],"class_list":["post-906","post","type-post","status-publish","format-standard","hentry","category-aktuelle-gesellschaftstheorie-gesellschaftsanalyse","category-gruene-bewegung","category-klimaschutzbewegung","category-praxeologie-praxistheorie","category-soziale-transformation","tag-gesellschaftstheorie","tag-klimaschutz","tag-methoden-der-praxisztheorie","tag-praxistheorie","tag-reckwitz","tag-soziale-bewegungen","tag-sozialtheorie","tag-verlust","tag-zukunftsverlust"],"_links":{"self":[{"href":"http:\/\/www.ingmar-hagemann.de\/wordpress\/wp-json\/wp\/v2\/posts\/906","targetHints":{"allow":["GET"]}}],"collection":[{"href":"http:\/\/www.ingmar-hagemann.de\/wordpress\/wp-json\/wp\/v2\/posts"}],"about":[{"href":"http:\/\/www.ingmar-hagemann.de\/wordpress\/wp-json\/wp\/v2\/types\/post"}],"author":[{"embeddable":true,"href":"http:\/\/www.ingmar-hagemann.de\/wordpress\/wp-json\/wp\/v2\/users\/1"}],"replies":[{"embeddable":true,"href":"http:\/\/www.ingmar-hagemann.de\/wordpress\/wp-json\/wp\/v2\/comments?post=906"}],"version-history":[{"count":3,"href":"http:\/\/www.ingmar-hagemann.de\/wordpress\/wp-json\/wp\/v2\/posts\/906\/revisions"}],"predecessor-version":[{"id":915,"href":"http:\/\/www.ingmar-hagemann.de\/wordpress\/wp-json\/wp\/v2\/posts\/906\/revisions\/915"}],"wp:attachment":[{"href":"http:\/\/www.ingmar-hagemann.de\/wordpress\/wp-json\/wp\/v2\/media?parent=906"}],"wp:term":[{"taxonomy":"category","embeddable":true,"href":"http:\/\/www.ingmar-hagemann.de\/wordpress\/wp-json\/wp\/v2\/categories?post=906"},{"taxonomy":"post_tag","embeddable":true,"href":"http:\/\/www.ingmar-hagemann.de\/wordpress\/wp-json\/wp\/v2\/tags?post=906"}],"curies":[{"name":"wp","href":"https:\/\/api.w.org\/{rel}","templated":true}]}}