{"id":874,"date":"2024-03-20T12:51:23","date_gmt":"2024-03-20T11:51:23","guid":{"rendered":"http:\/\/www.ingmar-hagemann.de\/wordpress\/?p=874"},"modified":"2024-03-20T12:51:23","modified_gmt":"2024-03-20T11:51:23","slug":"beckert-verkaufte-zukunft","status":"publish","type":"post","link":"http:\/\/www.ingmar-hagemann.de\/wordpress\/beckert-verkaufte-zukunft\/","title":{"rendered":"Beckert, Verkaufte Zukunft"},"content":{"rendered":"\n<div class=\"wp-block-group is-layout-constrained wp-block-group-is-layout-constrained\">\n<h6 class=\"wp-block-heading\">Zentrale Argumentation \/ Zitate<\/h6>\n\n\n\n<p>Aktuelle sozialwissenschaftliche Gesellschaftsanalyse mit Fokus auf die Frage der M\u00f6glichkeiten und Grenzen von Transformation von Gegenwartsgesellschaften. <\/p>\n\n\n\n<p><\/p>\n\n\n\n<blockquote class=\"wp-block-quote is-layout-flow wp-block-quote-is-layout-flow\">\n<p>T\u00fcckische Probleme sind so beschaffen, dass es f\u00fcr sie keine einfach benennbare L\u00f6sung gibt, mit der sie sich abhaken lie\u00dfen. Dass unterscheidet sie von zahmen Problemen, etwa dem Ozonloch. Hier gab es eine eindeutige Ursache, der man, nachdem man sie identifiziert hatte, mit einer vergleichsweise \u00fcberschaubaren Ma\u00dfnahme an den Kragen gehen konnte: dem Ersatz von Fluorkohlenwasserstoffen (FCKW), zum Beispiel in K\u00fchlschr\u00e4nken. Der Klimawandel ist nicht zahm, sondern charakterisiert durch komplexe Interdependenzen und Dilemmata auf zahlreichen Ebenen, die keine Masterl\u00f6sung zulassen. Wie bei allen t\u00fcckischen Problemen kann auch hier nur schrittweise nach pragmatischen L\u00f6sungen gesucht werden, die einen besseren Umgang mit ihm erm\u00f6glichen und zu Teilantworten f\u00fchren. <\/p>\n<cite>Seite 20<\/cite><\/blockquote>\n\n\n\n<blockquote class=\"wp-block-quote is-layout-flow wp-block-quote-is-layout-flow\">\n<p>Zuletzt spielt eine weitere Besonderheit der Klimapolitik eine Rolle: Die Natur, um die es geht, ist selbst politisch stumm. Das unterscheidet sie etwa von den Arbeiterinnen und Arbeitern, die im 20. Jahrhundert f\u00fcr ihre Rechte und f\u00fcr soziale Umverteilung k\u00e4mpften. Die Natur kann nicht f\u00fcr sich selbst sprechen, sondern ben\u00f6tigt Stellvertreter. [&#8230;] Erst die Aufl\u00f6sung stabil geglaubter Naturverh\u00e4ltnisse kreiert Resonanz in den Sinnsystemen, wobe iNatur jetzt als passiv-aggressives Objekt erscheint, von dem bef\u00fcrchtet wird, dass es zuk\u00fcnftig nicht mehr so funktionieren wird, wie es die sinnhaft handelnden Akteure bisher immer voraussetzen konnten. (86f)<\/p>\n<cite>Seite 86f<\/cite><\/blockquote>\n\n\n\n<blockquote class=\"wp-block-quote is-layout-flow wp-block-quote-is-layout-flow\">\n<p>\u00d6konomisch ausgedr\u00fcckt, kommt es f\u00fcr das Erreichen des Ziels der Klimaneutralit\u00e4t zu neuen Formen der Externalisierung von Umweltsch\u00e4den. Die Operationsweise der kapitalistischen Moderne setzt sich fort, indem ein Teil der Kosten des Herstellungsprozesses aus der Kostenrechnung herausgehalten wird. <\/p>\n<cite>Seite 172<\/cite><\/blockquote>\n\n\n\n<blockquote class=\"wp-block-quote is-layout-flow wp-block-quote-is-layout-flow\">\n<p>Au\u00dferdem erstrecken sich solche fundamentalen Wandlungsprozesse \u00fcber Jahrzehnte oder sogar Jahrhunderte. Angesichts des unbarmherzigen Zeitplans, den uns der Klimawandel diktiert, kann man nur sage: Wir haben schlicht nicht die Zeit, erst die bestehende Gesellschaftsordnung umzusto\u00dfen, dann eine neue zu erreichten, um schlie\u00dflich irgendwann einmal das Klimaproblem anzugehen. <\/p>\n<cite>Seite 182<\/cite><\/blockquote>\n\n\n\n<div style=\"height:51px\" aria-hidden=\"true\" class=\"wp-block-spacer\"><\/div>\n\n\n\n<h6 class=\"wp-block-heading\">Ausf\u00fchrliche Quellenangabe<\/h6>\n\n\n\n<pre class=\"wp-block-code\"><code>Beckert, Jens: Verkaufte Zukunft. Warum der Kampf gegen den Klimawandel zu scheitern droht, Frankfurt am Main: Suhrkamp 2024.<\/code><\/pre>\n\n\n\n<div style=\"height:51px\" aria-hidden=\"true\" class=\"wp-block-spacer\"><\/div>\n\n\n\n<h6 class=\"wp-block-heading\">Schlagw\u00f6rter<\/h6>\n\n\n<div class=\"taxonomy-post_tag wp-block-post-terms\"><a href=\"http:\/\/www.ingmar-hagemann.de\/wordpress\/tag\/fortschritt\/\" rel=\"tag\">Fortschritt<\/a><span class=\"wp-block-post-terms__separator\">, <\/span><a href=\"http:\/\/www.ingmar-hagemann.de\/wordpress\/tag\/kapitalismus\/\" rel=\"tag\">Kapitalismus<\/a><span class=\"wp-block-post-terms__separator\">, <\/span><a href=\"http:\/\/www.ingmar-hagemann.de\/wordpress\/tag\/klimaschutz\/\" rel=\"tag\">Klimaschutz<\/a><span class=\"wp-block-post-terms__separator\">, <\/span><a href=\"http:\/\/www.ingmar-hagemann.de\/wordpress\/tag\/klimawandel\/\" rel=\"tag\">Klimawandel<\/a><span class=\"wp-block-post-terms__separator\">, <\/span><a href=\"http:\/\/www.ingmar-hagemann.de\/wordpress\/tag\/komplexitaet\/\" rel=\"tag\">Komplexit\u00e4t<\/a><span class=\"wp-block-post-terms__separator\">, <\/span><a href=\"http:\/\/www.ingmar-hagemann.de\/wordpress\/tag\/konsum\/\" rel=\"tag\">Konsum<\/a><span class=\"wp-block-post-terms__separator\">, <\/span><a href=\"http:\/\/www.ingmar-hagemann.de\/wordpress\/tag\/markt\/\" rel=\"tag\">Markt<\/a><span class=\"wp-block-post-terms__separator\">, <\/span><a href=\"http:\/\/www.ingmar-hagemann.de\/wordpress\/tag\/naturverhaeltnnisse\/\" rel=\"tag\">Naturverh\u00e4ltnnisse<\/a><span class=\"wp-block-post-terms__separator\">, <\/span><a href=\"http:\/\/www.ingmar-hagemann.de\/wordpress\/tag\/transformation\/\" rel=\"tag\">Transformation<\/a><span class=\"wp-block-post-terms__separator\">, <\/span><a href=\"http:\/\/www.ingmar-hagemann.de\/wordpress\/tag\/transformationsstrategie\/\" rel=\"tag\">Transformationsstrategie<\/a><span class=\"wp-block-post-terms__separator\">, <\/span><a href=\"http:\/\/www.ingmar-hagemann.de\/wordpress\/tag\/tueckische-probleme\/\" rel=\"tag\">T\u00fcckische Probleme<\/a><\/div>\n\n\n<div style=\"height:51px\" aria-hidden=\"true\" class=\"wp-block-spacer\"><\/div>\n\n\n\n<h6 class=\"wp-block-heading\">Einsortiert in folgende Lekt\u00fcrelisten<\/h6>\n\n\n<div class=\"taxonomy-category wp-block-post-terms\"><a href=\"http:\/\/www.ingmar-hagemann.de\/wordpress\/category\/aktuelle-gesellschaftstheorie-gesellschaftsanalyse\/\" rel=\"tag\">Aktuelle Gesellschaftstheorie \/ Gesellschaftsanalyse<\/a><span class=\"wp-block-post-terms__separator\">, <\/span><a href=\"http:\/\/www.ingmar-hagemann.de\/wordpress\/category\/klimaschutzbewegung\/\" rel=\"tag\">Klimaschutz(bewegung)<\/a><span class=\"wp-block-post-terms__separator\">, <\/span><a href=\"http:\/\/www.ingmar-hagemann.de\/wordpress\/category\/postwachstum\/\" rel=\"tag\">Postwachstum<\/a><span class=\"wp-block-post-terms__separator\">, <\/span><a href=\"http:\/\/www.ingmar-hagemann.de\/wordpress\/category\/soziale-transformation\/\" rel=\"tag\">Soziale Transformation<\/a><\/div><\/div>\n","protected":false},"excerpt":{"rendered":"<p>Zentrale Argumentation \/ Zitate Aktuelle sozialwissenschaftliche Gesellschaftsanalyse mit Fokus auf die Frage der M\u00f6glichkeiten und Grenzen von Transformation von Gegenwartsgesellschaften. T\u00fcckische Probleme sind so beschaffen, dass es f\u00fcr sie keine einfach benennbare L\u00f6sung gibt, mit der sie sich abhaken lie\u00dfen. Dass unterscheidet sie von zahmen Problemen, etwa dem Ozonloch. Hier gab es eine eindeutige Ursache, [&hellip;]<\/p>\n","protected":false},"author":1,"featured_media":0,"comment_status":"closed","ping_status":"","sticky":false,"template":"","format":"standard","meta":{"footnotes":""},"categories":[180,187,148,201],"tags":[194,207,154,155,203,205,206,204,163,167,202],"class_list":["post-874","post","type-post","status-publish","format-standard","hentry","category-aktuelle-gesellschaftstheorie-gesellschaftsanalyse","category-klimaschutzbewegung","category-postwachstum","category-soziale-transformation","tag-fortschritt","tag-kapitalismus","tag-klimaschutz","tag-klimawandel","tag-komplexitaet","tag-konsum","tag-markt","tag-naturverhaeltnnisse","tag-transformation","tag-transformationsstrategie","tag-tueckische-probleme"],"_links":{"self":[{"href":"http:\/\/www.ingmar-hagemann.de\/wordpress\/wp-json\/wp\/v2\/posts\/874","targetHints":{"allow":["GET"]}}],"collection":[{"href":"http:\/\/www.ingmar-hagemann.de\/wordpress\/wp-json\/wp\/v2\/posts"}],"about":[{"href":"http:\/\/www.ingmar-hagemann.de\/wordpress\/wp-json\/wp\/v2\/types\/post"}],"author":[{"embeddable":true,"href":"http:\/\/www.ingmar-hagemann.de\/wordpress\/wp-json\/wp\/v2\/users\/1"}],"replies":[{"embeddable":true,"href":"http:\/\/www.ingmar-hagemann.de\/wordpress\/wp-json\/wp\/v2\/comments?post=874"}],"version-history":[{"count":1,"href":"http:\/\/www.ingmar-hagemann.de\/wordpress\/wp-json\/wp\/v2\/posts\/874\/revisions"}],"predecessor-version":[{"id":875,"href":"http:\/\/www.ingmar-hagemann.de\/wordpress\/wp-json\/wp\/v2\/posts\/874\/revisions\/875"}],"wp:attachment":[{"href":"http:\/\/www.ingmar-hagemann.de\/wordpress\/wp-json\/wp\/v2\/media?parent=874"}],"wp:term":[{"taxonomy":"category","embeddable":true,"href":"http:\/\/www.ingmar-hagemann.de\/wordpress\/wp-json\/wp\/v2\/categories?post=874"},{"taxonomy":"post_tag","embeddable":true,"href":"http:\/\/www.ingmar-hagemann.de\/wordpress\/wp-json\/wp\/v2\/tags?post=874"}],"curies":[{"name":"wp","href":"https:\/\/api.w.org\/{rel}","templated":true}]}}